{"id":537,"date":"2012-08-29T11:33:13","date_gmt":"2012-08-29T09:33:13","guid":{"rendered":"http:\/\/bknezmar.cz\/?p=537"},"modified":"2012-08-29T11:33:13","modified_gmt":"2012-08-29T09:33:13","slug":"23-etapa-28-8-2012-vltava-a-kluk-od-mrice","status":"publish","type":"post","link":"https:\/\/www.bknezmar.cz\/?p=537","title":{"rendered":"23. Etapa 28.8. 2012 &#8211; Vltava a Kluk od M\u0159\u00ed\u010de"},"content":{"rendered":"<p>Trasa:\u00a043 km,\u00a0Ro\u017enov, jez u Pl\u00e1\u0148at, Bor\u0161ov, po \u010derven\u00fd lev\u00fd b\u0159eh Vltavy, zelen\u00e1 p\u0159es T\u0159i brody do Vr\u00e1b\u010de, na Kluka po\u00a0zelen\u00fd, h\u0159ebenovka, sjezd kolem kamene s \u010d\u00edslem (27) :-), Lip\u00ed, alternativn\u00ed h\u0159eben k Z\u00e1vrat\u016fm, ta\u0161ky, \u0160indl\u00e1ky a\u00a0dom\u016f<\/p>\n<p>\u00da\u010dast: Ondra, P\u0159ema, Eri,\u00a0V\u00edtek, Majkl, Honza Mare\u0161, Honza, Pepa Vl\u00e1\u0161ek, Pavel Samec, Petr \u0160ikl, Ale\u0161, Zden\u011bk, Kocour,\u00a0Ondra Cibulka,\u00a0Jenda, V\u00ed\u010dko, Jirka Habrda, Pus\u0165a<\/p>\n<p>P\u00e1d:\u00a0Jenda<\/p>\n<p>Defekt: nikdo<\/p>\n<p>Trackmaker: V\u00edtek, Petr \u0160ikl<\/p>\n<p>GPS: <a href=\"http:\/\/www.sports-tracker.com\/#\/workout\/bastikkk\/a1ilnink2k6b5bo5\">http:\/\/www.sports-tracker.com\/#\/workout\/bastikkk\/a1ilnink2k6b5bo5<\/a><\/p>\n<p>Koment\u00e1\u0159: Jedna z posledn\u00edch (posledn\u00ed?) teplou\u010dk\u00fdch etap, co\u017e si vlastn\u011b ani nikdo neuv\u011bdomil a tak jsme si ani nepoplakali \ud83d\ude42 a jen to hnali vz\u016fru vst\u0159\u00edc pr\u010f\u00e1ku po zelen\u00fd na Kluka, kterej nikdo krom\u011b Peti nevyjel, ale asi 10 lid\u00ed &#8220;jen kv\u016fli tomu, \u017ee chyb\u011bla fyzika&#8221;&#8230; Pak dlouhat\u00e1nskej sjez, v\u00fduka techniky p\u0159ekon\u00e1n\u00ed padl\u00e9ho stromu \ud83d\ude09 a \u0161up k p\u0159epln\u011bn\u00e9mu Nezmarovi \ud83d\ude41<\/p>\n","protected":false},"excerpt":{"rendered":"<p>Trasa:\u00a043 km,\u00a0Ro\u017enov, jez u Pl\u00e1\u0148at, Bor\u0161ov, po \u010derven\u00fd lev\u00fd b\u0159eh Vltavy, zelen\u00e1 p\u0159es T\u0159i brody do Vr\u00e1b\u010de, na Kluka po\u00a0zelen\u00fd, h\u0159ebenovka, sjezd kolem kamene s \u010d\u00edslem (27) :-), Lip\u00ed, alternativn\u00ed h\u0159eben k Z\u00e1vrat\u016fm, ta\u0161ky, \u0160indl\u00e1ky a\u00a0dom\u016f \u00da\u010dast: Ondra, P\u0159ema, Eri,\u00a0V\u00edtek, Majkl, Honza Mare\u0161, Honza, Pepa Vl\u00e1\u0161ek, Pavel Samec, Petr \u0160ikl, Ale\u0161, Zden\u011bk, Kocour,\u00a0Ondra Cibulka,\u00a0Jenda, V\u00ed\u010dko, [&hellip;]<\/p>\n","protected":false},"author":3,"featured_media":0,"comment_status":"open","ping_status":"open","sticky":false,"template":"","format":"standard","meta":{"ngg_post_thumbnail":0},"categories":[49],"tags":[],"jetpack_featured_media_url":"","_links":{"self":[{"href":"https:\/\/www.bknezmar.cz\/index.php?rest_route=\/wp\/v2\/posts\/537"}],"collection":[{"href":"https:\/\/www.bknezmar.cz\/index.php?rest_route=\/wp\/v2\/posts"}],"about":[{"href":"https:\/\/www.bknezmar.cz\/index.php?rest_route=\/wp\/v2\/types\/post"}],"author":[{"embeddable":true,"href":"https:\/\/www.bknezmar.cz\/index.php?rest_route=\/wp\/v2\/users\/3"}],"replies":[{"embeddable":true,"href":"https:\/\/www.bknezmar.cz\/index.php?rest_route=%2Fwp%2Fv2%2Fcomments&post=537"}],"version-history":[{"count":0,"href":"https:\/\/www.bknezmar.cz\/index.php?rest_route=\/wp\/v2\/posts\/537\/revisions"}],"wp:attachment":[{"href":"https:\/\/www.bknezmar.cz\/index.php?rest_route=%2Fwp%2Fv2%2Fmedia&parent=537"}],"wp:term":[{"taxonomy":"category","embeddable":true,"href":"https:\/\/www.bknezmar.cz\/index.php?rest_route=%2Fwp%2Fv2%2Fcategories&post=537"},{"taxonomy":"post_tag","embeddable":true,"href":"https:\/\/www.bknezmar.cz\/index.php?rest_route=%2Fwp%2Fv2%2Ftags&post=537"}],"curies":[{"name":"wp","href":"https:\/\/api.w.org\/{rel}","templated":true}]}}