{"id":21722,"date":"2022-08-24T13:50:00","date_gmt":"2022-08-24T11:50:00","guid":{"rendered":"http:\/\/www.bknezmar.cz\/?p=21722"},"modified":"2022-08-31T13:29:42","modified_gmt":"2022-08-31T11:29:42","slug":"22-etapa-23-8-2022-vitinske-mohyly","status":"publish","type":"post","link":"https:\/\/www.bknezmar.cz\/?p=21722","title":{"rendered":"22. etapa 23.8. 2022 &#8211; Vit\u00ednsk\u00e9 mohyly"},"content":{"rendered":"<p><strong><span id=\"SLOVNIK_HIGHLIGHT\">Trasa<\/span>: <\/strong>47 km, 21. stolet\u00ed \u2013 viz GPS&nbsp;<\/p>\n<p><strong>V\u00fd\u0161kov\u00e9 metry:<\/strong> 465 m<\/p>\n<p><strong>\u00da\u010dast:&nbsp;<\/strong>Ondra, Ven\u00f3\u0161, Bivoj, V\u00edtek S., Majk, Zden\u00e1l, Ale\u0161, Pavel T., M\u00edra D., Kocour, P\u0159ema, Kuba J.,&nbsp;<\/p>\n<p><strong>P\u00e1d: <\/strong>nikdo&nbsp;<\/p>\n<p><strong>Defekt: <\/strong>Zden\u00e1l &#8211; n\u011bkolikr\u00e1t zastavoval a n\u011bco tam matlal ani vlastn\u011b nev\u00edm co, ale takhle beztrestn\u011b brzdit plynulost p\u0159ecik nejde \ud83d\ude42 Ondra &#8211; defekt je ztracen\u00e1 fla\u0161ka a \u010das, kter\u00fd jsem bez pomoci ostatn\u00edch str\u00e1vil jej\u00edm hled\u00e1n\u00edm. Parafr\u00e1z\u00ed Macha a \u0160ebestov\u00e9: &#8220;Ono br\u00fdle se bez br\u00fdl\u00ed \u0161patn\u011b hledaj\u00ed&#8221; sd\u011bluji, \u017ee barvoslep\u00fd hled\u00e1 \u010dervenou fla\u0161ku v zelen\u00e9 tr\u00e1v\u011b t\u011b\u017ece a hl\u00e1\u0161ky podpory: &#8220;\u010cerven\u00e1 na Tebe musela sv\u00edtit, tak jsme Ti ne\u0161li na pomoc&#8221; nen\u00ed v m\u00e9m p\u0159\u00edpad\u011b p\u0159il\u00e9hav\u00e1 \ud83d\ude09<\/p>\n<p><strong>Trackmaker: <\/strong>Ondra<\/p>\n<p><strong>GPS: <\/strong><a href=\"https:\/\/mapy.cz\/s\/cufurozuve\" target=\"_blank\" rel=\"noopener noreferrer\">https:\/\/mapy.cz\/s\/cufurozuve<\/a><\/p>\n<p><strong>Koment\u00e1\u0159: <\/strong>Destinace Vit\u00ednsk\u00fdch mohyl je v Nezmarstvu destinac\u00ed co do obl\u00edbenosti spornou. J\u00e1 s\u00e1m ji m\u00e1m ve vysok\u00e9 oblib\u011b, ale jsou tac\u00ed, kte\u0159\u00ed pr\u00e1v\u011b v souvislosti s touto vyj\u00ed\u017e\u010fkou zmi\u0148uj\u00ed slovo PRO\u010c&nbsp; \u010di slovn\u00ed spojen\u00ed &#8220;an\u00e1ln\u00ed v\u00fdprask&#8221; (v p\u0159\u00edpad\u011b Honzy v roce 2020 je\u0161t\u011b prokl\u00e1daj\u00ed ony v\u00fdrazy mnoha nepublikovateln\u00fdmi slovy). Po p\u011b\u0161\u00edm projit\u00ed a hled\u00e1n\u00ed vhodn\u00e9 cesty jsem j\u00ed prvn\u011b za\u0159adil roku 2015 a v\u010dera jsem zjistil, \u017ee Klubu \u010desk\u00fdch turist\u016f trvalo <strong>7 let<\/strong>, ne\u017e pou\u017eili zn\u00e1mou asijskou metodu, &#8220;pro autora je \u010dest, \u017ee se jeho d\u00edlo kop\u00edruje, je to znak kvality n\u00e1padu a proveden\u00ed&#8221; a v na\u0161ich Nezmarsk\u00fdch stop\u00e1ch vyzna\u010dili modrou turistickou zna\u010dku. A je tak \u010derstv\u00e1, \u017ee do map.cz je\u0161t\u011b nepronikla. Tak\u017ee to tedy beru jako definitivn\u00ed roz\u0159e\u0161en\u00ed sporu, zdali je to tam kr\u00e1sn\u00e9. JE a u\u017e i Klub \u010desk\u00fdch turist\u016f si mysl\u00ed, \u017ee je vhodn\u00e9 tam zav\u00e9st lidi. Tak a\u017e V\u00e1s n\u011bkdo bude l\u00e1kat na novinky K\u010cT, jen se mile a znalecky usm\u011bjte!<\/p>\n<p>O.<\/p>\n<div class=\"para_row\"><strong>NO:<\/strong> Je\u0161t\u011b jednou H\u0159bitovn\u00ed kv\u00edt\u00ed? \ud83d\ude42<\/div>\n<div>&nbsp;<\/div>\n<div>\n<p><em>O Du\u0161i\u010dk\u00e1ch na h\u0159bitov\u011b v\u011bt\u0159\u00edk<\/em><br \/>\n<em>vesele si s lidmi zahr\u00e1v\u00e1,<\/em><br \/>\n<em>radost\u00ed snad, \u017ee to mno\u017estv\u00ed lidstva<\/em><br \/>\n<em>pro h\u0159bitov u\u017e zase dozr\u00e1v\u00e1.<\/em><\/p>\n<p>&nbsp;<\/p>\n<\/div>\n","protected":false},"excerpt":{"rendered":"<p>Trasa: 47 km, 21. stolet\u00ed \u2013 viz GPS&nbsp; V\u00fd\u0161kov\u00e9 metry: 465 m \u00da\u010dast:&nbsp;Ondra, Ven\u00f3\u0161, Bivoj, V\u00edtek S., Majk, Zden\u00e1l, Ale\u0161, Pavel T., M\u00edra D., Kocour, P\u0159ema, Kuba J.,&nbsp; P\u00e1d: nikdo&nbsp; Defekt: Zden\u00e1l &#8211; n\u011bkolikr\u00e1t zastavoval a n\u011bco tam matlal ani vlastn\u011b nev\u00edm co, ale takhle beztrestn\u011b brzdit plynulost p\u0159ecik nejde \ud83d\ude42 Ondra &#8211; defekt je [&hellip;]<\/p>\n","protected":false},"author":3,"featured_media":0,"comment_status":"open","ping_status":"open","sticky":false,"template":"","format":"standard","meta":{"ngg_post_thumbnail":0},"categories":[114],"tags":[],"jetpack_featured_media_url":"","_links":{"self":[{"href":"https:\/\/www.bknezmar.cz\/index.php?rest_route=\/wp\/v2\/posts\/21722"}],"collection":[{"href":"https:\/\/www.bknezmar.cz\/index.php?rest_route=\/wp\/v2\/posts"}],"about":[{"href":"https:\/\/www.bknezmar.cz\/index.php?rest_route=\/wp\/v2\/types\/post"}],"author":[{"embeddable":true,"href":"https:\/\/www.bknezmar.cz\/index.php?rest_route=\/wp\/v2\/users\/3"}],"replies":[{"embeddable":true,"href":"https:\/\/www.bknezmar.cz\/index.php?rest_route=%2Fwp%2Fv2%2Fcomments&post=21722"}],"version-history":[{"count":4,"href":"https:\/\/www.bknezmar.cz\/index.php?rest_route=\/wp\/v2\/posts\/21722\/revisions"}],"predecessor-version":[{"id":21730,"href":"https:\/\/www.bknezmar.cz\/index.php?rest_route=\/wp\/v2\/posts\/21722\/revisions\/21730"}],"wp:attachment":[{"href":"https:\/\/www.bknezmar.cz\/index.php?rest_route=%2Fwp%2Fv2%2Fmedia&parent=21722"}],"wp:term":[{"taxonomy":"category","embeddable":true,"href":"https:\/\/www.bknezmar.cz\/index.php?rest_route=%2Fwp%2Fv2%2Fcategories&post=21722"},{"taxonomy":"post_tag","embeddable":true,"href":"https:\/\/www.bknezmar.cz\/index.php?rest_route=%2Fwp%2Fv2%2Ftags&post=21722"}],"curies":[{"name":"wp","href":"https:\/\/api.w.org\/{rel}","templated":true}]}}