{"id":21602,"date":"2022-06-14T16:30:54","date_gmt":"2022-06-14T14:30:54","guid":{"rendered":"http:\/\/www.bknezmar.cz\/?p=21602"},"modified":"2022-06-20T11:51:00","modified_gmt":"2022-06-20T09:51:00","slug":"11-etapa","status":"publish","type":"post","link":"https:\/\/www.bknezmar.cz\/?p=21602","title":{"rendered":"11. etapa 7.6. 2022 &#8211; Li\u0161ovsk\u00fd pr\u00e1h"},"content":{"rendered":"<p><strong><span id=\"SLOVNIK_HIGHLIGHT\">Trasa<\/span>: <\/strong>30&nbsp;km, 21. stolet\u00ed \u2013 viz GPS&nbsp;<\/p>\n<p><strong>V\u00fd\u0161kov\u00e9 metry:<\/strong> 591 m<\/p>\n<p><strong>\u00da\u010dast:&nbsp;<\/strong>Ondra, P\u0159emek, Zden\u00e1l, Pavel T., Majkl, Petr \u0160., Sochy, Kocour, Vr\u00e1\u0165a, Bivoj,&nbsp;<\/p>\n<p><strong>P\u00e1d: <\/strong>Sochy<\/p>\n<p><strong>Defekt: <\/strong>nikdo<\/p>\n<p><strong>Trackmaker: <\/strong>Majkl<\/p>\n<p><strong>GPS: <\/strong><a href=\"https:\/\/mapy.cz\/s\/kulugorafo\" target=\"_blank\" rel=\"noopener noreferrer\">https:\/\/mapy.cz\/s\/kulugorafo<\/a><\/p>\n<p><strong>Koment\u00e1\u0159: <\/strong>Nem\u00e1m \u010das, p\u00ed\u0161u s t\u00fddenn\u00edm zpo\u017ed\u011bn\u00edm, \u00fa\u010dast si moc nepamatuju, p\u00e1d\u016f bylo asi taky v\u00edc, tak se mi hla\u0161te. Jedin\u00fd co si pamatuju je hl\u00e1\u0161ka asi 60 let\u00e9ho p\u00e1na co tr\u00e9noval b\u011b\u017eeck\u00e9 intervaly (sic!) a kdy\u017e n\u00e1s vid\u011bl cel\u00fd od bahna, tak n\u00e1s uv\u00edtal slovy: &#8220;Kud\u00e1 vy idiote? Jste borci, \u017ee jezd\u00edte v takov\u00fdm marasmu.&#8221; Sm\u00e1li jsme se jak je mil\u00fd &#8211; ale jen do doby, ne\u017e vid\u011bl Kocoura a zpra\u017eil ho: &#8220;Tys u\u017e toho hodn\u011b za\u017eil, co?&#8221; Blesky v o\u010d\u00edch v\u0161ech mu byli odpov\u011bd\u00ed! Na Ma\u010di\u010dku se Nezmar\u016fm nesah\u00e1, holt jsme museli p\u0159estat b\u00fdt mil\u00ed&#8230; Ma\u010di\u010dka JE A BUDE &#8211; a my jsme s n\u00ed V\u0160UDE!!!<\/p>\n<p>O.<\/p>\n<p><b>NO:&nbsp;<\/b><\/p>\n<div class=\"para_row\"><span class=\"para_1lyrics_col1\">Dv\u011b mal\u00e9 \u017elut\u00e9 o\u010di sv\u00edt\u00ed tmou<br \/>\nKdy\u017e ud\u011bl\u00e1\u0161 dva-t\u0159i kroky<br \/>\nJdou potichu za tebou<br \/>\nJsou to nejsp\u00ed\u0161 o\u010di mal\u00e9 ko\u010di\u010dky<br \/>\nKdo by jin\u00fd takhle p\u011bkn\u011b<br \/>\n\u017dlut\u011b sv\u00edtil o\u010di\u010dky?<\/span><\/div>\n<div>&nbsp;<\/div>\n<div class=\"para_row\"><span class=\"para_1lyrics_col1\">St\u016fj, potichu mne oslovila<br \/>\nM\u00e9 jm\u00e9no je Bublina<br \/>\nR\u00e1da bych se p\u0159edstavila<br \/>\nNa chv\u00edli vy\u0161la jsem si ven<br \/>\nPromi\u0148te hled\u00e1m voln\u00fd podn\u00e1jem<\/span><\/div>\n<div class=\"para_row\"><span class=\"para_1lyrics_col1\"><br \/>\nJ\u00e1 \u0159ekl jsem to je nemil\u00e9<br \/>\nA pozval jsem ji domu na fil\u00e9<br \/>\nTa ryba ko\u010dce velmi chutnala<br \/>\nPak slu\u0161n\u011b na nocleh se zeptala<br \/>\nJ\u00e1 m\u00e1m te\u010f plnou hlavu starost\u00ed<br \/>\nS Bublininou \u017e\u00e1dost\u00ed<br \/>\nZp\u00e1tky u\u017e m\u00e1 cestu zav\u0159enou<br \/>\nZa tu chv\u00edli co vy\u0161la si ven<\/span><\/div>\n<div>&nbsp;<\/div>\n<div>\n<div class=\"para_row\"><span class=\"para_1lyrics_col1\">Rozhodn\u011b neobt\u011b\u017eovat<br \/>\nNe to nem\u00e1m v povaze<br \/>\nPov\u00edd\u00e1: m\u00e1m takov\u00fd n\u00e1vrh<br \/>\nNa \u010das z\u016fstala bych zde<br \/>\nU\u017e od \u017ealudku je mi dob\u0159e<br \/>\nC\u00edt\u00edm zimu akor\u00e1t<br \/>\nJe tu je\u0161t\u011b jedna mo\u017enost<br \/>\nZ\u016fstanu tu napo\u0159\u00e1d<\/span><\/div>\n<div>&nbsp;<\/div>\n<div class=\"para_row\"><span class=\"para_1lyrics_col1\">M\u00e9 jm\u00e9no je Bublina<br \/>\nAch, u\u017e jsem se p\u0159edstavila<br \/>\nM\u00e1\u0161-li je\u0161t\u011b kousek ryby<br \/>\nV\u016fbec bych se nezlobila<br \/>\nM\u016f\u017ee\u0161 si mne klidn\u011b hladit<br \/>\nNemus\u00ed\u0161 se b\u00e1t<br \/>\nDok\u00e1\u017eu b\u00fdt velmi hodn\u00e1<br \/>\nM\u016f\u017ee\u0161 mne m\u00edt r\u00e1d!<\/span><\/div>\n<\/div>\n<div>&nbsp;<\/div>\n<div>M\u0147AU!!!<\/div>\n","protected":false},"excerpt":{"rendered":"<p>Trasa: 30&nbsp;km, 21. stolet\u00ed \u2013 viz GPS&nbsp; V\u00fd\u0161kov\u00e9 metry: 591 m \u00da\u010dast:&nbsp;Ondra, P\u0159emek, Zden\u00e1l, Pavel T., Majkl, Petr \u0160., Sochy, Kocour, Vr\u00e1\u0165a, Bivoj,&nbsp; P\u00e1d: Sochy Defekt: nikdo Trackmaker: Majkl GPS: https:\/\/mapy.cz\/s\/kulugorafo Koment\u00e1\u0159: Nem\u00e1m \u010das, p\u00ed\u0161u s t\u00fddenn\u00edm zpo\u017ed\u011bn\u00edm, \u00fa\u010dast si moc nepamatuju, p\u00e1d\u016f bylo asi taky v\u00edc, tak se mi hla\u0161te. Jedin\u00fd co si pamatuju [&hellip;]<\/p>\n","protected":false},"author":3,"featured_media":0,"comment_status":"open","ping_status":"open","sticky":false,"template":"","format":"standard","meta":{"ngg_post_thumbnail":0},"categories":[114],"tags":[],"jetpack_featured_media_url":"","_links":{"self":[{"href":"https:\/\/www.bknezmar.cz\/index.php?rest_route=\/wp\/v2\/posts\/21602"}],"collection":[{"href":"https:\/\/www.bknezmar.cz\/index.php?rest_route=\/wp\/v2\/posts"}],"about":[{"href":"https:\/\/www.bknezmar.cz\/index.php?rest_route=\/wp\/v2\/types\/post"}],"author":[{"embeddable":true,"href":"https:\/\/www.bknezmar.cz\/index.php?rest_route=\/wp\/v2\/users\/3"}],"replies":[{"embeddable":true,"href":"https:\/\/www.bknezmar.cz\/index.php?rest_route=%2Fwp%2Fv2%2Fcomments&post=21602"}],"version-history":[{"count":5,"href":"https:\/\/www.bknezmar.cz\/index.php?rest_route=\/wp\/v2\/posts\/21602\/revisions"}],"predecessor-version":[{"id":21610,"href":"https:\/\/www.bknezmar.cz\/index.php?rest_route=\/wp\/v2\/posts\/21602\/revisions\/21610"}],"wp:attachment":[{"href":"https:\/\/www.bknezmar.cz\/index.php?rest_route=%2Fwp%2Fv2%2Fmedia&parent=21602"}],"wp:term":[{"taxonomy":"category","embeddable":true,"href":"https:\/\/www.bknezmar.cz\/index.php?rest_route=%2Fwp%2Fv2%2Fcategories&post=21602"},{"taxonomy":"post_tag","embeddable":true,"href":"https:\/\/www.bknezmar.cz\/index.php?rest_route=%2Fwp%2Fv2%2Ftags&post=21602"}],"curies":[{"name":"wp","href":"https:\/\/api.w.org\/{rel}","templated":true}]}}