{"id":21591,"date":"2022-06-29T10:00:43","date_gmt":"2022-06-29T08:00:43","guid":{"rendered":"http:\/\/www.bknezmar.cz\/?p=21591"},"modified":"2022-07-14T20:06:01","modified_gmt":"2022-07-14T18:06:01","slug":"vz-wurst-15-17-7-2022-propozice","status":"publish","type":"post","link":"https:\/\/www.bknezmar.cz\/?p=21591","title":{"rendered":"VZ Wurst 15.-17.7.2022 propozice"},"content":{"rendered":"<p>P\u0159ihl\u00e1\u0161en\u00ed jsou : Ond\u0159ej Ludv\u00edk, Jan Ludv\u00edk, Petr Pokorn\u00fd, Martin Ehrenberger, Jan Mare\u0161, Pavel Bedna\u0159\u00edk, Michal Korec, Michal Kub\u00e1nek, Ji\u0159\u00ed Zibura,&nbsp; V\u00edt Ko\u0159\u00ednek, Zden\u011bk Franta, Ondra M\u00edka, M\u00edra Dole\u017eel, Jan Tauber, Pavel T\u00edkal, Pavel V\u011btrovec, Ale\u0161 Peterka<\/p>\n<p><strong>1.etapa<\/strong><\/p>\n<p><a href=\"https:\/\/mapy.cz\/s\/fahodovana\" target=\"_blank\" rel=\"noopener noreferrer\">https:\/\/mapy.cz\/s\/fahodovana<\/a><\/p>\n<p>Cestou se kouknem, kde je origin\u00e1l svat\u00e9ho obr\u00e1zku ze Sto\u017eeck\u00e9 kaple (a vlastn\u011b i kopie Sto\u017eeck\u00e9 kaple samotn\u00e1) a s p\u0159\u00edb\u011bhem o P\u0159emyslu Otakaru II. se zastav\u00edme u Kn\u00f6delwerferin Brunnen. Ob\u011bdvat budeme bu\u010f ve Sto\u017eci u Pstruha, nebo v Nov\u00e9m \u00fadol\u00ed.<\/p>\n<p>Bydlet pak budeme zde: <a href=\"https:\/\/www.booking.com\/hotel\/de\/nh-parkhotel-deggendor.cs.html\" target=\"_blank\" rel=\"noopener noreferrer\">The Rilano Hotel Deggendorf | 4-Sterne | Best-Preis-Garantie<\/a><\/p>\n<p><strong>2.etapa<\/strong><\/p>\n<p><a href=\"https:\/\/mapy.cz\/s\/hogebefoge\" target=\"_blank\" rel=\"noopener noreferrer\">https:\/\/mapy.cz\/s\/hogebefoge<\/a><\/p>\n<p>ob\u011bd bude v Biergarten am Kuchlbauer Turm. N\u00e1sledovat bude p\u0159ejezd do nejstar\u0161\u00edho kl\u00e1\u0161tern\u00edho pivovaru na sv\u011bt\u011b Weltenburger, kl\u00e1\u0161ter se nach\u00e1z\u00ed u Dunajsk\u00e9 pr\u016frvy (Donaudurchbruch) a Dunaj je zde k\u0159i\u0161\u0165\u00e1lov\u011b \u010dist\u00fd &#8211; mo\u017enost koup\u00e1n\u00ed.<\/p>\n<p>N\u00e1sledovat bude trajekt! p\u0159es Dunaj a podle \u010dasu se mo\u017en\u00e1 pojede k poz\u016fstatk\u016fm Limes Romanus, ale ka\u017edop\u00e1dn\u011b na n\u00e1v\u0161t\u011bvu Befreiungshalle (Haly v\u00edt\u011bzstv\u00ed) \u2013 monument\u00e1ln\u00ed stavby na po\u010dest v\u00edt\u011bzstv\u00ed nad Napoleonem v bitv\u011b u Lipska. V Regensburgu neopomineme zaj\u00edt do \u00c4lteste Bratwurststube der Welt \u2013 Wurstkuchl. Bydlet u\u017e budeme po m\u00e9m (aby bylo to srovn\u00e1n\u00ed).<\/p>\n<p><a href=\"https:\/\/www.jugendherberge.de\/jugendherbergen\/regensburg-262\/portraet\/\" target=\"_blank\" rel=\"noopener noreferrer\">https:\/\/bayern.jugendherberge.de\/jugendherbergen\/regensburg-262\/proben\/<\/a><\/p>\n<p><strong>3.etapa<\/strong><\/p>\n<p><a href=\"https:\/\/mapy.cz\/s\/rapugapozo\" target=\"_blank\" rel=\"noopener noreferrer\">https:\/\/mapy.cz\/s\/rapugapozo<\/a><\/p>\n<p>T\u0159et\u00ed etapu za\u010dneme cestou pod\u00e9l Dunaje a\u017e k nejv\u011bt\u0161\u00edmu monumentu v\u00fdletu: Wallhalle \u2013 takov\u00e9mu al\u00e1 ath\u00e9nsk\u00e9mu Parthenonu. Ob\u011bdvat budeme v Biergarten Joska Bodenmais Glasparadies \u2013 skl\u00e1rn\u011b kde se d\u011blaj\u00ed k\u0159i\u0161\u0165\u00e1lov\u00e9 gl\u00f3by pro Alpsk\u00e9 ly\u017eov\u00e1n\u00ed apod.&nbsp; P\u0159es Velk\u00fd Javor se vr\u00e1t\u00edme do vlasti a pak podle chuti a sil ka\u017ed\u00e9ho soudruha, nejsp\u00ed\u0161 ale s panem Dama\u0161kem \ud83d\ude09<\/p>\n<p>GPX : <a href=\"https:\/\/drive.google.com\/drive\/folders\/1gbdj4YIq9Oh8qxhK1jST9oVITKGkxYN7?usp=sharing\" target=\"_blank\" rel=\"noopener noreferrer\">https:\/\/drive.google.com\/drive\/folders\/1gbdj4YIq9Oh8qxhK1jST9oVITKGkxYN7?usp=sharing<\/a><\/p>\n<p>Start <strong>: p\u00e1tek v 8.00 z parkovi\u0161t\u011b p\u0159ed \u017divitelkou<\/strong><\/p>\n","protected":false},"excerpt":{"rendered":"<p>P\u0159ihl\u00e1\u0161en\u00ed jsou : Ond\u0159ej Ludv\u00edk, Jan Ludv\u00edk, Petr Pokorn\u00fd, Martin Ehrenberger, Jan Mare\u0161, Pavel Bedna\u0159\u00edk, Michal Korec, Michal Kub\u00e1nek, Ji\u0159\u00ed Zibura,&nbsp; V\u00edt Ko\u0159\u00ednek, Zden\u011bk Franta, Ondra M\u00edka, M\u00edra Dole\u017eel, Jan Tauber, Pavel T\u00edkal, Pavel V\u011btrovec, Ale\u0161 Peterka 1.etapa https:\/\/mapy.cz\/s\/fahodovana Cestou se kouknem, kde je origin\u00e1l svat\u00e9ho obr\u00e1zku ze Sto\u017eeck\u00e9 kaple (a vlastn\u011b i kopie Sto\u017eeck\u00e9 [&hellip;]<\/p>\n","protected":false},"author":3,"featured_media":0,"comment_status":"open","ping_status":"open","sticky":false,"template":"","format":"standard","meta":{"ngg_post_thumbnail":0},"categories":[5],"tags":[],"jetpack_featured_media_url":"","_links":{"self":[{"href":"https:\/\/www.bknezmar.cz\/index.php?rest_route=\/wp\/v2\/posts\/21591"}],"collection":[{"href":"https:\/\/www.bknezmar.cz\/index.php?rest_route=\/wp\/v2\/posts"}],"about":[{"href":"https:\/\/www.bknezmar.cz\/index.php?rest_route=\/wp\/v2\/types\/post"}],"author":[{"embeddable":true,"href":"https:\/\/www.bknezmar.cz\/index.php?rest_route=\/wp\/v2\/users\/3"}],"replies":[{"embeddable":true,"href":"https:\/\/www.bknezmar.cz\/index.php?rest_route=%2Fwp%2Fv2%2Fcomments&post=21591"}],"version-history":[{"count":10,"href":"https:\/\/www.bknezmar.cz\/index.php?rest_route=\/wp\/v2\/posts\/21591\/revisions"}],"predecessor-version":[{"id":21676,"href":"https:\/\/www.bknezmar.cz\/index.php?rest_route=\/wp\/v2\/posts\/21591\/revisions\/21676"}],"wp:attachment":[{"href":"https:\/\/www.bknezmar.cz\/index.php?rest_route=%2Fwp%2Fv2%2Fmedia&parent=21591"}],"wp:term":[{"taxonomy":"category","embeddable":true,"href":"https:\/\/www.bknezmar.cz\/index.php?rest_route=%2Fwp%2Fv2%2Fcategories&post=21591"},{"taxonomy":"post_tag","embeddable":true,"href":"https:\/\/www.bknezmar.cz\/index.php?rest_route=%2Fwp%2Fv2%2Ftags&post=21591"}],"curies":[{"name":"wp","href":"https:\/\/api.w.org\/{rel}","templated":true}]}}