{"id":20406,"date":"2020-09-01T14:18:07","date_gmt":"2020-09-01T12:18:07","guid":{"rendered":"http:\/\/www.bknezmar.cz\/?p=20406"},"modified":"2020-09-02T12:25:00","modified_gmt":"2020-09-02T10:25:00","slug":"susice-vz-podzim-2019","status":"publish","type":"post","link":"https:\/\/www.bknezmar.cz\/?p=20406","title":{"rendered":"Su\u0161ice &#8211; VZ podzim 2019"},"content":{"rendered":"<p>Pod organizac\u00ed Eriho jsme se vypravili do Su\u0161ice. Jednou u\u017e jsme tam na VZ byli, ale lokalita je to dobr\u00e1, skoro domovsk\u00e1, bajku p\u0159\u00edv\u011btiv\u00e1, a i kdy\u017e byla vybr\u00e1na trochu z nouze na posledn\u00ed chv\u00edli tak byly na programu v\u00fdrazn\u00e9 bajkov\u00e9 z\u00e1\u017eitky.&nbsp;<\/p>\n<p>J\u00e1 byl jen v p\u00e1tek p\u0159es den, ale i tak jsem byl nad\u0161en. Nakombinovali jsme <a href=\"https:\/\/javornickeokruhy.cz\/\" target=\"_blank\" rel=\"noopener noreferrer\">Javornick\u00e9 okruhy<\/a> a <a href=\"https:\/\/www.bikexzone.cz\/nase-sluzby\/\" target=\"_blank\" rel=\"noopener noreferrer\">Su\u0161ick\u00e9 traily<\/a>.<\/p>\n<p><a href=\"https:\/\/mapy.cz\/s\/namenafuba\" target=\"_blank\" rel=\"noopener noreferrer\">P\u00e1te\u010dn\u00ed trasa<\/a><\/p>\n<p>V pam\u011bti m\u011b z\u016fstalo:<\/p>\n<ul>\n<li>v\u00fdjezd ze Su\u0161ice ke Kalichu a d\u00e1l na Sedlo, na Sedle blbnut\u00ed p\u0159es skalky a n\u00e1dhern\u00fd enduro sjezd sm\u011brem na Ka\u0161perk<\/li>\n<li>Borov\u00fd sjezd k An\u00ednu<\/li>\n<li>mnou ojeban\u00e9 stoup\u00e1n\u00ed do Ka\u0161persk\u00fdch hor, n\u00e1sledn\u00e9 \u010dek\u00e1n\u00ed na siln\u011bj\u0161\u00ed bajkery v cukr\u00e1rn\u011b (a venku hrozn\u00e1 zima)<\/li>\n<li>hlasov\u00e1n\u00ed pod Kr\u00e1lovsk\u00fdm kamenem. Nakonec v\u0161ichni pochopili, \u017ee na pozdn\u00ed ob\u011bd v Jarovn\u00edku u\u017e nen\u00ed \u010das a jelo se bez ob\u011bda n\u00e1ro\u010dnou trasou Javornick\u00e9ho Pazd\u0159ivce zp\u00e1tky na Sedlo.<\/li>\n<li>Pavla T\u00edkala praskl\u00fd r\u00e1m &#8211; dostal se do Ka\u0161persk\u00fdch hor, kde \u010dekal na z\u00e1chranu autem<\/li>\n<li>ze Sedla do Su\u0161ice jsme jeli traily EPONA, ROCKY a MORRIGAN a i p\u0159es \u00fanavu to bylo par\u00e1dn\u00ed.<\/li>\n<\/ul>\n<p>O sobot\u011b v\u00edm jen z vypr\u00e1v\u011bn\u00ed, dopln\u00ed n\u011bkdo?<\/p>\n<p>&nbsp;<\/p>\n<p>zdar V.<\/p>\n<p>&nbsp;<\/p>\n<p>&nbsp;<\/p>\n","protected":false},"excerpt":{"rendered":"<p>Pod organizac\u00ed Eriho jsme se vypravili do Su\u0161ice. Jednou u\u017e jsme tam na VZ byli, ale lokalita je to dobr\u00e1, skoro domovsk\u00e1, bajku p\u0159\u00edv\u011btiv\u00e1, a i kdy\u017e byla vybr\u00e1na trochu z nouze na posledn\u00ed chv\u00edli tak byly na programu v\u00fdrazn\u00e9 bajkov\u00e9 z\u00e1\u017eitky.&nbsp; J\u00e1 byl jen v p\u00e1tek p\u0159es den, ale i tak jsem byl nad\u0161en. [&hellip;]<\/p>\n","protected":false},"author":4,"featured_media":0,"comment_status":"open","ping_status":"open","sticky":false,"template":"","format":"standard","meta":{"ngg_post_thumbnail":0},"categories":[103],"tags":[],"jetpack_featured_media_url":"","_links":{"self":[{"href":"https:\/\/www.bknezmar.cz\/index.php?rest_route=\/wp\/v2\/posts\/20406"}],"collection":[{"href":"https:\/\/www.bknezmar.cz\/index.php?rest_route=\/wp\/v2\/posts"}],"about":[{"href":"https:\/\/www.bknezmar.cz\/index.php?rest_route=\/wp\/v2\/types\/post"}],"author":[{"embeddable":true,"href":"https:\/\/www.bknezmar.cz\/index.php?rest_route=\/wp\/v2\/users\/4"}],"replies":[{"embeddable":true,"href":"https:\/\/www.bknezmar.cz\/index.php?rest_route=%2Fwp%2Fv2%2Fcomments&post=20406"}],"version-history":[{"count":8,"href":"https:\/\/www.bknezmar.cz\/index.php?rest_route=\/wp\/v2\/posts\/20406\/revisions"}],"predecessor-version":[{"id":20422,"href":"https:\/\/www.bknezmar.cz\/index.php?rest_route=\/wp\/v2\/posts\/20406\/revisions\/20422"}],"wp:attachment":[{"href":"https:\/\/www.bknezmar.cz\/index.php?rest_route=%2Fwp%2Fv2%2Fmedia&parent=20406"}],"wp:term":[{"taxonomy":"category","embeddable":true,"href":"https:\/\/www.bknezmar.cz\/index.php?rest_route=%2Fwp%2Fv2%2Fcategories&post=20406"},{"taxonomy":"post_tag","embeddable":true,"href":"https:\/\/www.bknezmar.cz\/index.php?rest_route=%2Fwp%2Fv2%2Ftags&post=20406"}],"curies":[{"name":"wp","href":"https:\/\/api.w.org\/{rel}","templated":true}]}}