{"id":19477,"date":"2019-09-23T14:51:51","date_gmt":"2019-09-23T12:51:51","guid":{"rendered":"http:\/\/www.bknezmar.cz\/?p=19477"},"modified":"2019-10-01T15:02:01","modified_gmt":"2019-10-01T13:02:01","slug":"podzimni-vyjezdni-zasedani-susice","status":"publish","type":"post","link":"https:\/\/www.bknezmar.cz\/?p=19477","title":{"rendered":"Podzimn\u00ed v\u00fdjezdn\u00ed zased\u00e1n\u00ed &#8211; Su\u0161ice"},"content":{"rendered":"<p style=\"text-align: center;\"><strong>Term\u00edn: 04.-06.10.2019<\/strong><\/p>\n<p style=\"text-align: center;\"><strong>Lokalita: Su\u0161ice<\/strong><\/p>\n<h1 style=\"text-align: center;\"><strong>Sraz 04.10.2019 &#8211; 9:30 hod Su\u0161ice, 10:00 hod v\u00fdjezd!!!<\/strong><\/h1>\n<p>&nbsp;<\/p>\n<p style=\"text-align: center;\">V pl\u00e1nu je setk\u00e1n\u00ed se Samou\u0161em, ochutnat uzeniny, nav\u0161t\u00edvit m\u00edstn\u00ed pivovar, kebab, u\u017e\u00edt si ve\u010dern\u00ed p\u00e1rty a p\u0159edev\u0161\u00edm vyzkou\u0161et nov\u00e9 traily!<\/p>\n<h1 style=\"text-align: center;\"><a href=\"https:\/\/www.bikexzone.cz\/en\/\"><strong>bikeXzone<\/strong><\/a><\/h1>\n<h1 style=\"text-align: center;\"><strong><a href=\"https:\/\/javornickeokruhy.cz\/\">javornickeokruhy<\/a><\/strong><\/h1>\n<p>&nbsp;<\/p>\n<p><strong>Nahl\u00e1\u0161eni jsou:<\/strong> Bivoj, Pavel T\u00edkal, M\u00edra Dole\u017eel, Eri, Kory, Zden\u00e1l, Vl\u00e1\u010fa \u0158eho\u0159, Petr Podhola, Ale\u0161 &#8211; <strong>9 ks<\/strong><\/p>\n<p>Hony &#8211; doraz\u00ed v p\u00e1tek ve\u010der<\/p>\n<p>Ondra M\u00edka &#8211; doraz\u00ed v sobotu r\u00e1no<\/p>\n<p>Petr Pokorn\u00fd &#8211; jen p\u00e1tek<\/p>\n<p>&nbsp;<\/p>\n<p>Ubytov\u00e1n\u00ed: <a href=\"http:\/\/www.hotelpekarna.cz\/cs\"><strong>Na Pek\u00e1rn\u011b &nbsp; &nbsp;<\/strong><\/a>700 K\u010d\/noc se sn\u00eddan\u00ed. Uschov\u00e1n\u00ed kol v uzav\u0159en\u00e9m dvo\u0159e v kol\u00e1rn\u011b.<\/p>\n<p>Na sobotu 05.10.2019 od 20:00 hod je rezervov\u00e1n <strong><a href=\"http:\/\/www.pivovarusvelchu.cz\/\">Pivovar u \u0160velch\u016f<\/a><\/strong>!<\/p>\n<p>&nbsp;<\/p>\n","protected":false},"excerpt":{"rendered":"<p>Term\u00edn: 04.-06.10.2019 Lokalita: Su\u0161ice Sraz 04.10.2019 &#8211; 9:30 hod Su\u0161ice, 10:00 hod v\u00fdjezd!!! &nbsp; V pl\u00e1nu je setk\u00e1n\u00ed se Samou\u0161em, ochutnat uzeniny, nav\u0161t\u00edvit m\u00edstn\u00ed pivovar, kebab, u\u017e\u00edt si ve\u010dern\u00ed p\u00e1rty a p\u0159edev\u0161\u00edm vyzkou\u0161et nov\u00e9 traily! bikeXzone javornickeokruhy &nbsp; Nahl\u00e1\u0161eni jsou: Bivoj, Pavel T\u00edkal, M\u00edra Dole\u017eel, Eri, Kory, Zden\u00e1l, Vl\u00e1\u010fa \u0158eho\u0159, Petr Podhola, Ale\u0161 &#8211; 9 [&hellip;]<\/p>\n","protected":false},"author":7,"featured_media":0,"comment_status":"open","ping_status":"open","sticky":false,"template":"","format":"standard","meta":{"ngg_post_thumbnail":0},"categories":[2],"tags":[],"jetpack_featured_media_url":"","_links":{"self":[{"href":"https:\/\/www.bknezmar.cz\/index.php?rest_route=\/wp\/v2\/posts\/19477"}],"collection":[{"href":"https:\/\/www.bknezmar.cz\/index.php?rest_route=\/wp\/v2\/posts"}],"about":[{"href":"https:\/\/www.bknezmar.cz\/index.php?rest_route=\/wp\/v2\/types\/post"}],"author":[{"embeddable":true,"href":"https:\/\/www.bknezmar.cz\/index.php?rest_route=\/wp\/v2\/users\/7"}],"replies":[{"embeddable":true,"href":"https:\/\/www.bknezmar.cz\/index.php?rest_route=%2Fwp%2Fv2%2Fcomments&post=19477"}],"version-history":[{"count":17,"href":"https:\/\/www.bknezmar.cz\/index.php?rest_route=\/wp\/v2\/posts\/19477\/revisions"}],"predecessor-version":[{"id":19518,"href":"https:\/\/www.bknezmar.cz\/index.php?rest_route=\/wp\/v2\/posts\/19477\/revisions\/19518"}],"wp:attachment":[{"href":"https:\/\/www.bknezmar.cz\/index.php?rest_route=%2Fwp%2Fv2%2Fmedia&parent=19477"}],"wp:term":[{"taxonomy":"category","embeddable":true,"href":"https:\/\/www.bknezmar.cz\/index.php?rest_route=%2Fwp%2Fv2%2Fcategories&post=19477"},{"taxonomy":"post_tag","embeddable":true,"href":"https:\/\/www.bknezmar.cz\/index.php?rest_route=%2Fwp%2Fv2%2Ftags&post=19477"}],"curies":[{"name":"wp","href":"https:\/\/api.w.org\/{rel}","templated":true}]}}